{"id":1241,"date":"2025-10-21T11:30:26","date_gmt":"2025-10-21T09:30:26","guid":{"rendered":"https:\/\/www.cafephilolagny.fr\/?p=1241"},"modified":"2025-10-21T11:30:52","modified_gmt":"2025-10-21T09:30:52","slug":"la-difference-entre-ame-et-esprit","status":"publish","type":"post","link":"https:\/\/www.cafephilolagny.fr\/?p=1241","title":{"rendered":"La diff\u00e9rence entre \u00e2me et esprit"},"content":{"rendered":"\n<figure class=\"wp-block-image\"><img decoding=\"async\" src=\"https:\/\/i0.wp.com\/www.jepense.org\/wp-content\/uploads\/2019\/11\/ame-esprit-diff%C3%A9rence.png?fit=883%2C317&amp;ssl=1\" alt=\"\u00e2me et esprit, diff\u00e9rence\"\/><\/figure>\n\n\n\n<p><\/p>\n\n\n\n<p><strong>La diff\u00e9rence entre \u00e2me et esprit : comment d\u00e9finir l\u2019\u00e2me et l\u2019esprit ? Quelle relation entre les deux ?<\/strong><\/p>\n\n\n\n<p>La <strong>triade corps-\u00e2me-esprit<\/strong> est incontournable dans l\u2019approche philosophique et m\u00e9taphysique de l\u2019Homme. On parle de <strong>la triple nature de l\u2019homme.<\/strong><\/p>\n\n\n\n<p>Mais en pratique, il n\u2019est pas toujours simple de distinguer l\u2019\u00e2me de l\u2019esprit, les deux termes \u00e9tant souvent confondus. Essayons d\u2019y voir plus clair.<\/p>\n\n\n\n<p><em><strong>D\u00e9finition de l\u2019\u00e2me :<\/strong> <\/em>L\u2019\u00e2me est le si\u00e8ge de l\u2019<strong>activit\u00e9 psychique<\/strong> et des \u00e9tats de conscience d\u2019un individu. L\u2019\u00e2me porte l\u2019ensemble des \u00e9tats et dispositions intellectuelles, morales, affectives qui forment l\u2019individualit\u00e9, autrement dit <strong>le \u00ab&nbsp;moi&nbsp;\u00bb profond.<\/strong> L\u2019\u00e2me est li\u00e9e \u00e0 la <a href=\"https:\/\/www.jepense.org\/conscience-definition-philosophique\/\" target=\"_blank\" rel=\"noreferrer noopener\"><strong>conscience<\/strong><\/a>, \u00e0 l\u2019<a href=\"https:\/\/www.jepense.org\/se-liberer-de-son-ego\/\" target=\"_blank\" rel=\"noreferrer noopener\"><strong>ego<\/strong><\/a>, mais aussi au <a href=\"https:\/\/www.jepense.org\/difference-entre-coeur-et-ame-definitions\/\" target=\"_blank\" rel=\"noreferrer noopener\"><strong>coeur<\/strong><\/a>, \u00e0 la raison et \u00e0 l\u2019intellect. Elle peut donc \u00eatre attir\u00e9e vers le bas (la mati\u00e8re) ou vers le haut (l\u2019esprit).<\/p>\n\n\n\n<p><strong><em>D\u00e9finition de l\u2019esprit :<\/em> <\/strong>L\u2019esprit est le <strong>souffle<\/strong> vital et divin, Principe cr\u00e9ateur. En r\u00e9alit\u00e9, l\u2019esprit peut renvoyer \u00e0 deux choses :<\/p>\n\n\n\n<ul class=\"wp-block-list\">\n<li>L\u2019<strong>esprit en l\u2019homme<\/strong> (avec un \u00ab\u00a0e\u00a0\u00bb minuscule), ou <em>\u00ab\u00a0no\u00fbs\u00a0\u00bb,<\/em> correspond \u00e0 la dimension spirituelle de l\u2019\u00eatre humain ; il spiritualise \u00e0 la fois l\u2019\u00e2me et le corps ; il est capable de s\u2019ouvrir \u00e0 Dieu.<\/li>\n\n\n\n<li>L\u2019<strong>Esprit<\/strong> (avec un \u00ab\u00a0E\u00a0\u00bb majuscule) est l\u2019Esprit Saint, le Principe divin qui vient d\u2019en haut.<\/li>\n<\/ul>\n\n\n\n<p><em><strong>Le sch\u00e9ma suivant permettra d\u2019y voir plus clair :<\/strong><\/em><\/p>\n\n\n\n<figure class=\"wp-block-image\"><img decoding=\"async\" src=\"https:\/\/i0.wp.com\/www.jepense.org\/wp-content\/uploads\/2019\/11\/corps-%C3%A2me-esprit-diff%C3%A9rence-d%C3%A9finition.png?resize=577%2C605&amp;ssl=1\" alt=\"corps \u00e2me esprit diff\u00e9rence\" class=\"wp-image-1287\"\/><\/figure>\n\n\n\n<p><em><strong>Voyons plus pr\u00e9cis\u00e9ment la diff\u00e9rence entre \u00e2me et esprit.<\/strong><\/em><\/p>\n\n\n\n<p><em><strong>Remarque :<\/strong> <\/em>En <strong>alchimie spirituelle<\/strong>, \u00e2me et esprit sont intervertis dans leur d\u00e9finition.<\/p>\n\n\n\n<h2 class=\"wp-block-heading\">La diff\u00e9rence entre \u00e2me et esprit : d\u00e9finitions<\/h2>\n\n\n\n<p>Tentons les d\u00e9finitions suivantes de l\u2019\u00e2me et de l\u2019esprit.<\/p>\n\n\n\n<h3 class=\"wp-block-heading\"><strong>L\u2019\u00e2me : une m\u00e9diatrice entre le corps et l\u2019esprit<\/strong><\/h3>\n\n\n\n<p>Un bon moyen de comprendre la diff\u00e9rence entre \u00e2me et esprit est d\u2019associer l\u2019esprit au <strong>feu<\/strong>, et l\u2019\u00e2me \u00e0 <strong>l\u2019eau,<\/strong> \u00e9l\u00e9ment changeant qu\u2019on peut retrouver sous trois \u00e9tats diff\u00e9rents :<\/p>\n\n\n\n<ul class=\"wp-block-list\">\n<li><strong>solide<\/strong> (attach\u00e9 \u00e0 la mati\u00e8re),<\/li>\n\n\n\n<li><strong>liquide<\/strong> (fluctuant, instable, souvent attir\u00e9 vers le bas),<\/li>\n\n\n\n<li>ou <strong>gazeux<\/strong> (associ\u00e9 \u00e0 l\u2019esprit).<\/li>\n<\/ul>\n\n\n\n<p>L\u2019\u00e2me est donc ce ph\u00e9nom\u00e8ne invisible et psychique, fait d\u2019\u00e9motions et de pens\u00e9es ; l\u2019\u00e2me est par nature fluctuante et instable, balan\u00e7ant entre le corps et l\u2019esprit.<\/p>\n\n\n\n<p><strong>L\u2019\u00e2me est attir\u00e9e vers le bas (monde de la mati\u00e8re) quand :<\/strong><\/p>\n\n\n\n<ul class=\"wp-block-list\">\n<li>elle s\u2019attache \u00e0 l\u2019<a href=\"https:\/\/www.jepense.org\/se-liberer-de-son-ego\/\" target=\"_blank\" rel=\"noreferrer noopener\"><strong>ego<\/strong><\/a> (orgueil, d\u00e9sirs, passions\u2026),<\/li>\n\n\n\n<li>elle est soumise au <a href=\"https:\/\/www.jepense.org\/mental-ego-conscience-definition\/\" target=\"_blank\" rel=\"noreferrer noopener\"><strong>mental<\/strong><\/a> non ma\u00eetris\u00e9,<\/li>\n\n\n\n<li>elle est soumise aux d\u00e9terminismes int\u00e9rieurs et aux influences ext\u00e9rieures,<\/li>\n\n\n\n<li>elle ignore sa nature profonde.<\/li>\n<\/ul>\n\n\n\n<p><strong>Au contraire, l\u2019\u00e2me est attir\u00e9e vers le haut (monde de l\u2019esprit) lorsque :<\/strong><\/p>\n\n\n\n<ul class=\"wp-block-list\">\n<li>elle s\u2019appuie sur la<strong> raison,<\/strong><\/li>\n\n\n\n<li>elle se d\u00e9tache du mental et de l\u2019ego,<\/li>\n\n\n\n<li>elle se d\u00e9tache du pass\u00e9 et du futur pour s\u2019arrimer dans le pr\u00e9sent,<\/li>\n\n\n\n<li>elle cherche \u00e0 <a href=\"https:\/\/www.jepense.org\/connaissance-de-soi-liberte-schema\/\" target=\"_blank\" rel=\"noreferrer noopener\"><strong>se conna\u00eetre elle-m\u00eame,<\/strong><\/a><\/li>\n\n\n\n<li>elle s\u2019ouvre \u00e0 la <a href=\"https:\/\/www.jepense.org\/transcendance-et-immanence-definitions\/\" target=\"_blank\" rel=\"noreferrer noopener\"><strong>transcendance.<\/strong><\/a><\/li>\n<\/ul>\n\n\n\n<p>Il y a ici l\u2019id\u00e9e que seule <strong>la volont\u00e9<\/strong> peut permettre \u00e0 l\u2019\u00e2me de s\u2019\u00e9lever pour s\u2019autonomiser par rapport au corps, cette prison de t\u00e9n\u00e8bres et de passions. Seule une <strong>mort symbolique<\/strong> permettra cela. L\u2019\u00e2me sera alors pr\u00eate \u00e0 accueillir l\u2019Esprit saint : <em><strong>elle deviendra le temple de l\u2019Esprit.<\/strong><\/em><\/p>\n\n\n\n<p>Dans le m\u00eame ordre d\u2019id\u00e9e, les Grecs distinguaient <strong>plusieurs niveaux du corps et de l\u2019\u00e2me :<\/strong><\/p>\n\n\n\n<ul class=\"wp-block-list\">\n<li>le <strong><em>soma<\/em><\/strong> (corps physique, physiologie),<\/li>\n\n\n\n<li>la <em><strong>psych\u00e9<\/strong><\/em> ou \u00e2me mortelle qui anime le corps (psychisme, sensibilit\u00e9, d\u00e9sirs, humeurs\u2026),<\/li>\n\n\n\n<li>le<strong><em> no\u00fbs,<\/em><\/strong> intellect ou raison, partie la plus divine de l\u2019\u00e2me, en contact avec le divin. Le <em>no\u00fbs<\/em> peut \u00eatre vu comme <strong>l\u2019esprit en l\u2019homme,<\/strong> l\u2019intelligence active de la raison et du coeur, celle qui devrait guider l\u2019\u00e2me. Le\u00a0<a href=\"https:\/\/fr.wikipedia.org\/wiki\/No%C3%BBs\" target=\"_blank\" rel=\"noreferrer noopener\"><em>no\u00fbs<\/em><\/a> est jug\u00e9 <a href=\"https:\/\/www.jepense.org\/immortalite-mythe-philosophie-spiritualite\/\" target=\"_blank\" rel=\"noreferrer noopener\"><strong>immortel<\/strong><\/a>, du fait de sa participation au monde spirituel et divin. C\u2019est par le <em>no\u00fbs<\/em> que l\u2019homme est \u00e0 l\u2019image de Dieu.<\/li>\n<\/ul>\n\n\n\n<p>L\u00e0 encore, la <em>psych\u00e9<\/em> est associ\u00e9e \u00e0 l\u2019eau, au f\u00e9minin et \u00e0 la <a href=\"https:\/\/www.jepense.org\/symbolisme-de-la-lune\/\" target=\"_blank\" rel=\"noreferrer noopener\"><strong>Lune<\/strong><\/a>, alors que le <em>no\u00fbs<\/em> est associ\u00e9 au feu, au masculin et au <a href=\"https:\/\/www.jepense.org\/symbolisme-soleil-signification-spirituelle\/\" target=\"_blank\" rel=\"noreferrer noopener\"><strong>Soleil<\/strong><\/a>.<\/p>\n\n\n\n<p>Sur un plan plus psychologique, la partie inf\u00e9rieure de l\u2019\u00e2me pourrait correspondre au \u00ab&nbsp;moi&nbsp;\u00bb, alors que la partie \u00e9clair\u00e9e pourrait correspondre au \u00ab&nbsp;soi&nbsp;\u00bb, <strong>l\u2019objectif \u00e9tant d\u2019aller du moi vers le soi.<\/strong><\/p>\n\n\n\n<h3 class=\"wp-block-heading\"><strong>L\u2019Esprit : le souffle divin<\/strong><\/h3>\n\n\n\n<p>L\u2019Esprit avec un grand \u00ab&nbsp;E&nbsp;\u00bb est le<strong> souffle divin,<\/strong> l\u2019Esprit Saint, le <em>pneuma<\/em>, la force vitale qui donne la vie et qui est pr\u00e9sente, bien qu\u2019invisible et cach\u00e9e, dans toute chose et tout \u00eatre vivant.<\/p>\n\n\n\n<p>L\u2019<strong>Esprit saint<\/strong> est susceptible de toucher l\u2019humain qui est pr\u00eat \u00e0 le voir et \u00e0 l\u2019accueillir en ouvrant son coeur et son intellect. Il se manifeste par le <a href=\"https:\/\/www.jepense.org\/logos-definition-philosophique\/\" target=\"_blank\" rel=\"noreferrer noopener\"><strong>logos<\/strong><\/a> (raison du monde, verbe, parole divine du Prologue de Saint-Jean).<\/p>\n\n\n\n<p>L\u2019Esprit saint, \u00e2me du monde, <a href=\"https:\/\/www.jepense.org\/difference-entre-cosmos-et-univers\/\" target=\"_blank\" rel=\"noreferrer noopener\"><strong>cosmos,<\/strong><\/a> est associ\u00e9 au <strong>feu pur de l\u2019\u00e9ther,<\/strong> subtil et chaud.<\/p>\n\n\n\n<h2 class=\"wp-block-heading\">Correspondance et interfaces entre corps, \u00e2me et esprit<\/h2>\n\n\n\n<p><strong>O\u00f9 se trouve l\u2019\u00e2me dans le corps humain ?<\/strong><\/p>\n\n\n\n<p>La philosophie hindouiste d\u00e9crit la relation entre le corps, l\u2019\u00e2me et l\u2019esprit \u00e0 travers <strong>les chakras,<\/strong> sortes de centres spirituels r\u00e9gulant l\u2019\u00e9nergie entre le corps, l\u2019\u00e2me, la terre et l\u2019univers.<\/p>\n\n\n\n<p>Les chakras sont au nombre de 7 et correspondent chacun \u00e0 un emplacement dans le corps : p\u00e9rin\u00e9e, sacrum, nombril (plexus solaire), coeur, gorge, front et fontanelle (couronne).<\/p>\n\n\n\n<figure class=\"wp-block-image\"><img decoding=\"async\" src=\"https:\/\/i0.wp.com\/www.jepense.org\/wp-content\/uploads\/2019\/11\/chakras.jpg?resize=679%2C960&amp;ssl=1\" alt=\"7 chakras\" class=\"wp-image-1284\"\/><\/figure>\n\n\n\n<h2 class=\"wp-block-heading\">L\u2019\u00e2me et l\u2019esprit dans la Bible<\/h2>\n\n\n\n<p>Les versets suivants de la Bible pointent \u00e0 la fois la correspondance et la diff\u00e9rence entre \u00e2me et esprit :<\/p>\n\n\n\n<p><em>Ne savez-vous pas que vous \u00eates le temple de Dieu, et que l\u2019<strong>Esprit de Dieu<\/strong> habite en vous ?<\/em><br><strong>1 Corinthiens 3, 16<\/strong><\/p>\n\n\n\n<p><em>Je r\u00e9pandrai sur vous une eau pure, et vous serez purifi\u00e9s ; je vous purifierai de toutes vos souillures et de toutes vos idoles. Je vous donnerai un coeur nouveau, et je mettrai en vous <strong>un esprit nouveau<\/strong> ; j\u2019\u00f4terai de votre corps le coeur de pierre, et je vous donnerai un coeur de chair. <strong>Je mettrai mon esprit en vous,<\/strong> et je ferai en sorte que vous suiviez mes ordonnances, et que vous observiez et pratiquiez mes lois.<\/em><br><strong>Ez\u00e9chiel 36, 25-27<\/strong><\/p>\n\n\n\n<p><em>J\u00e9sus r\u00e9pondit : En v\u00e9rit\u00e9, en v\u00e9rit\u00e9, je te le dis, si un homme ne na\u00eet d\u2019eau et d\u2019Esprit, il ne peut entrer dans le royaume de Dieu. Ce qui est n\u00e9 de la chair est chair, <strong>et ce qui est n\u00e9 de l\u2019Esprit est esprit.<\/strong> Ne t\u2019\u00e9tonne pas que je t\u2019aie dit : Il faut que vous naissiez de nouveau.<\/em><br><strong>Jean 3, 5-7<\/strong><\/p>\n\n\n\n<p><em>Si vous vivez selon la chair, vous mourrez ; mais si <strong>par l\u2019Esprit<\/strong> vous faites mourir les actions du corps, vous vivrez, car tous ceux qui sont <strong>conduits par l\u2019Esprit de Dieu<\/strong> sont fils de Dieu. Et vous n\u2019avez point re\u00e7u un esprit de servitude, pour \u00eatre encore dans la crainte ; mais vous avez re\u00e7u un Esprit d\u2019adoption, par lequel nous crions : Abba ! P\u00e8re !<\/em><br><strong>Romains 8, 13-15<\/strong><\/p>\n\n\n\n<p><em>Pour moi, fr\u00e8res, ce n\u2019est pas comme \u00e0 des<strong> hommes spirituels<\/strong> que j\u2019ai pu vous parler, mais comme \u00e0 des <strong>hommes charnels,<\/strong> comme \u00e0 des enfants en Christ. Je vous ai donn\u00e9 du lait, non de la nourriture solide, car vous ne pouviez pas la supporter ; et vous ne le pouvez pas m\u00eame \u00e0 pr\u00e9sent, parce que vous \u00eates encore charnels. En effet, puisqu\u2019il y a parmi vous de la jalousie et des disputes, n\u2019\u00eates-vous pas charnels, et ne marchez-vous pas selon l\u2019homme ?<\/em><br><strong>1 Corinthiens 3, 1-3<\/strong><\/p>\n\n\n\n<p><em>Et nous en parlons, non avec des discours qu\u2019enseigne la sagesse humaine, mais avec ceux qu\u2019enseigne l\u2019Esprit, employant un langage spirituel pour les choses spirituelles. Mais l\u2019homme animal ne re\u00e7oit pas les choses de l\u2019Esprit de Dieu, car elles sont une folie pour lui, et il ne peut les conna\u00eetre, parce que c\u2019est spirituellement qu\u2019on en juge. <strong>L\u2019homme spirituel,<\/strong> au contraire, juge de tout, et il n\u2019est lui-m\u00eame jug\u00e9 par personne.<\/em><br><strong>1 Corinthiens 2, 13-15<\/strong><\/p>\n\n\n\n<p><em>Que le Dieu de paix vous sanctifie lui-m\u00eame tout entiers, et que tout votre \u00eatre, <strong>l\u2019esprit, l\u2019\u00e2me et le corps,<\/strong> soit conserv\u00e9 irr\u00e9pr\u00e9hensible, lors de l\u2019av\u00e8nement de notre Seigneur J\u00e9sus-Christ !<\/em><br><strong>1 Thessaloniciens 5, 23<\/strong><\/p>\n\n\n\n<p><em>Car la parole de Dieu est vivante et efficace, plus tranchante qu\u2019une \u00e9p\u00e9e quelconque \u00e0 deux tranchants, p\u00e9n\u00e9trante jusqu\u2019\u00e0 <strong>partager \u00e2me et esprit,<\/strong> jointures et moelles ; elle juge les sentiments et les pens\u00e9es du coeur.<\/em><br><strong>H\u00e9breux 4,12<\/strong><\/p>\n\n\n\n<h2 class=\"wp-block-heading\">L\u2019esprit et la mati\u00e8re dans l\u2019\u00c9vangile de Marie-Madeleine<\/h2>\n\n\n\n<p>L\u2019<strong>\u00c9vangile de Marie-Madeleine<\/strong>, texte gnostique du II\u00e8me si\u00e8cle apr\u00e8s J.-C., fait allusion au <strong><em>no\u00fbs<\/em><\/strong>, cette partie \u00e9lev\u00e9e de l\u2019\u00e2me en contact avec l\u2019Esprit divin :<\/p>\n\n\n\n<p><strong>Page 10 :<\/strong><br><em>17 \/ Alors, je Lui dis :<\/em><br><em>18 \/ \u201cSeigneur, dans l\u2019instant, celui qui contemple<\/em><br><em>19 \/ Ton apparition,<\/em><br><em>20 \/ est-ce par l\u2019\u00e2me qu\u2019il voit ?<\/em><br><em>21 \/ Ou par l\u2019esprit ?\u201d<\/em><br><em>22 \/ Le Ma\u00eetre r\u00e9pondit :<\/em><br><em>23 \/ Ni par l\u2019\u00e2me ni par l\u2019esprit ;<\/em><br><em><strong>24 \/ mais l\u2019intellect (no\u00fbs) \u00e9tant entre les deux,<\/strong><\/em><br><em><strong>25 \/ c\u2019est lui qui voit.<\/strong><\/em><\/p>\n","protected":false},"excerpt":{"rendered":"<p>La diff\u00e9rence entre \u00e2me et esprit : comment d\u00e9finir l\u2019\u00e2me et l\u2019esprit ? Quelle relation entre les deux ? La triade corps-\u00e2me-esprit est incontournable dans l\u2019approche philosophique et m\u00e9taphysique de l\u2019Homme. On parle de la triple nature de l\u2019homme. Mais &hellip; <a href=\"https:\/\/www.cafephilolagny.fr\/?p=1241\">Continuer la lecture <span class=\"meta-nav\">&rarr;<\/span><\/a><\/p>\n","protected":false},"author":1,"featured_media":0,"comment_status":"closed","ping_status":"","sticky":false,"template":"","format":"standard","meta":{"footnotes":""},"categories":[2],"tags":[],"class_list":["post-1241","post","type-post","status-publish","format-standard","hentry","category-actualites"],"_links":{"self":[{"href":"https:\/\/www.cafephilolagny.fr\/index.php?rest_route=\/wp\/v2\/posts\/1241","targetHints":{"allow":["GET"]}}],"collection":[{"href":"https:\/\/www.cafephilolagny.fr\/index.php?rest_route=\/wp\/v2\/posts"}],"about":[{"href":"https:\/\/www.cafephilolagny.fr\/index.php?rest_route=\/wp\/v2\/types\/post"}],"author":[{"embeddable":true,"href":"https:\/\/www.cafephilolagny.fr\/index.php?rest_route=\/wp\/v2\/users\/1"}],"replies":[{"embeddable":true,"href":"https:\/\/www.cafephilolagny.fr\/index.php?rest_route=%2Fwp%2Fv2%2Fcomments&post=1241"}],"version-history":[{"count":1,"href":"https:\/\/www.cafephilolagny.fr\/index.php?rest_route=\/wp\/v2\/posts\/1241\/revisions"}],"predecessor-version":[{"id":1242,"href":"https:\/\/www.cafephilolagny.fr\/index.php?rest_route=\/wp\/v2\/posts\/1241\/revisions\/1242"}],"wp:attachment":[{"href":"https:\/\/www.cafephilolagny.fr\/index.php?rest_route=%2Fwp%2Fv2%2Fmedia&parent=1241"}],"wp:term":[{"taxonomy":"category","embeddable":true,"href":"https:\/\/www.cafephilolagny.fr\/index.php?rest_route=%2Fwp%2Fv2%2Fcategories&post=1241"},{"taxonomy":"post_tag","embeddable":true,"href":"https:\/\/www.cafephilolagny.fr\/index.php?rest_route=%2Fwp%2Fv2%2Ftags&post=1241"}],"curies":[{"name":"wp","href":"https:\/\/api.w.org\/{rel}","templated":true}]}}