{"id":894,"date":"2024-08-31T17:42:40","date_gmt":"2024-08-31T15:42:40","guid":{"rendered":"https:\/\/www.cafephilolagny.fr\/?p=894"},"modified":"2024-08-31T17:55:33","modified_gmt":"2024-08-31T15:55:33","slug":"autisme-et-empathie","status":"publish","type":"post","link":"https:\/\/www.cafephilolagny.fr\/?p=894","title":{"rendered":"Autisme et empathie"},"content":{"rendered":"<div class=\"wp-block-image\">\n<figure class=\"aligncenter size-full\"><img loading=\"lazy\" decoding=\"async\" width=\"400\" height=\"565\" src=\"https:\/\/www.cafephilolagny.fr\/wp-content\/uploads\/2024\/08\/Syndrome-dAsperger.jpg\" alt=\"\" class=\"wp-image-895\" srcset=\"https:\/\/www.cafephilolagny.fr\/wp-content\/uploads\/2024\/08\/Syndrome-dAsperger.jpg 400w, https:\/\/www.cafephilolagny.fr\/wp-content\/uploads\/2024\/08\/Syndrome-dAsperger-212x300.jpg 212w\" sizes=\"auto, (max-width: 400px) 100vw, 400px\" \/><\/figure>\n<\/div>\n\n\n<p class=\"has-medium-font-size\"><strong><mark style=\"background-color:#52e0d2\" class=\"has-inline-color\">L&#8217;empathie chez les personnes \u00ab\u00a0Asperger\u00a0\u00bb<\/mark><\/strong><\/p>\n\n\n\n<p>La stigmatisation du manque absolu d&#8217;empathie chez les personnes atteintes du syndrome d&rsquo;Asperger rend invisible la v\u00e9ritable sensibilit\u00e9 de ces personnes. Parce qu&rsquo;au-del\u00e0 de ce que l&rsquo;on peut croire, elles ressentent, voient et appr\u00e9cient les \u00e9motions des autres&#8230;<\/p>\n\n\n\n<p><strong>La stigmatisation du manque d\u2019empathie chez les personnes atteintes du syndrome d\u2019Asperger est encore bien ancr\u00e9e dans notre soci\u00e9t\u00e9<\/strong>. Cependant, les neurosciences nous disent tr\u00e8s clairement que les enfants, les adolescents et les adultes atteints du syndrome d\u2019Asperger ressentent la douleur des autres, la voient, l\u2019appr\u00e9cient et s\u2019en soucient. Cependant, ils ne savent pas comment r\u00e9agir, quelles r\u00e9ponses ou quels comportements adopter dans ces situations.<\/p>\n\n\n\n<p>Il est tout \u00e0 fait possible que les films et <strong>les \u00e9missions de t\u00e9l\u00e9vision aient contribu\u00e9 \u00e0 donner une image qui n\u2019est g\u00e9n\u00e9ralement pas tr\u00e8s r\u00e9aliste des troubles dans le spectre de l\u2019autisme (TSA)<\/strong>. Pour commencer, le fait le plus important \u00e0 consid\u00e9rer est que, comme le mot lui-m\u00eame l\u2019indique, nous avons affaire \u00e0 une condition qui se rattache \u00e0 un spectre.<\/p>\n\n\n\n<p>Il y aura donc des personnes aux comportements beaucoup plus rigides. <strong>Certaines auront de grandes difficult\u00e9s, m\u00eame en mati\u00e8re de parole et de communication<\/strong>. D\u2019autres, en revanche, feront preuve de bonnes capacit\u00e9s de fonctionnement et de m\u00e9moire. Ces personnes auront probablement un grand potentiel dans certains domaines de connaissance. Il peut s\u2019agir par exemple du domaine des sciences ou des math\u00e9matiques.<\/p>\n\n\n\n<p>Par cons\u00e9quent, tous les enfants atteints de TSA ne sont pas les m\u00eames. Bien que le syndrome d\u2019Asperger soit le plus fr\u00e9quent dans ce spectre, <strong>la g\u00e9n\u00e9ralisation conduit toujours \u00e0 l\u2019erreur.<\/strong> Ce trouble du d\u00e9veloppement requiert de notre part plus de compr\u00e9hension et de proximit\u00e9. Il est donc n\u00e9cessaire de comprendre un peu plus comment fonctionne ce monde int\u00e9rieur li\u00e9 \u00e0 l\u2019empathie.<\/p>\n\n\n\n<p class=\"has-medium-font-size\"><strong><mark style=\"background-color:#52e0d2\" class=\"has-inline-color\">L\u2019empathie chez les personnes atteintes du syndrome d\u2019Asperger : concepts et caract\u00e9ristiques<\/mark><\/strong><\/p>\n\n\n\n<p><strong>Comment l\u2019empathie se manifeste-t-elle chez les personnes atteintes du syndrome d\u2019Asperger ?<\/strong><br>Est-elle absente chez ces personnes ou est-elle pr\u00e9sente de la m\u00eame mani\u00e8re que chez les personnes neurotypes (g\u00e9n\u00e9ralement des personnes qui d\u00e9veloppent un TSA) ? La r\u00e9ponse n\u2019est pas aussi simple qu\u2019un \u201coui\u201d retentissant ou un \u201cnon\u201d d\u00e9finitif. Le sujet n\u2019est pas simple car l\u2019empathie, en soi, n\u2019est pas une dimension aussi simple qu\u2019on pourrait le penser.<\/p>\n\n\n\n<p><em>Voyons maintenant quelques informations importantes.<\/em><\/p>\n\n\n\n<p class=\"has-medium-font-size\"><strong><mark style=\"background-color:#fff\" class=\"has-inline-color has-black-color\">Deux types d\u2019empathie<\/mark><\/strong><\/p>\n\n\n\n<p>Christopher Gillberg est professeur \u00e0 l\u2019universit\u00e9 de G\u00f6teborg, en Su\u00e8de. Il est connu pour avoir d\u00e9velopp\u00e9 les crit\u00e8res les plus courants pour diagnostiquer le syndrome d\u2019Asperger. <strong>Ce m\u00e9decin d\u00e9finit souvent ce trouble du d\u00e9veloppement comme la \u201cmaladie de l\u2019empathie\u201d.<\/strong><\/p>\n\n\n\n<p><strong>Mettre l\u2019accent uniquement sur cette id\u00e9e, c\u2019est nourrir les stigmatisations de la communaut\u00e9.<\/strong> En r\u00e9alit\u00e9, ce qui doit \u00eatre clarifi\u00e9, c\u2019est que l\u2019empathie chez les personnes atteintes du syndrome d\u2019Asperger fonctionne diff\u00e9remment.<\/p>\n\n\n\n<ul class=\"wp-block-list\">\n<li><strong>L\u2019empathie se pr\u00e9sente de deux fa\u00e7ons :<\/strong> la premi\u00e8re est cognitive. Gr\u00e2ce \u00e0 elle, nous avons la capacit\u00e9 de voir le monde du point de vue d\u2019un tiers. Nous comprenons ce qui lui arrive parce que nous pouvons nous \u201cmettre \u00e0 la place\u201d de la personne qui se trouve devant nous<\/li>\n\n\n\n<li>D\u2019autre part, <strong>il y a l\u2019empathie \u00e9motionnelle :<\/strong> dans ce cas, nous nous limitons \u00e0 ressentir ce que l\u2019autre personne ressent. Nous vivons donc une contagion \u00e9motionnelle. En effet, nous voyons, nous sentons et nous nous connectons, mais nous ne comprenons pas la situation. Et si nous la comprenons, c\u2019est gr\u00e2ce \u00e0 la coalition avec l\u2019autre type d\u2019empathie, celle qui est cognitive<\/li>\n\n\n\n<li><em><mark style=\"background-color:rgba(0, 0, 0, 0)\" class=\"has-inline-color has-blue-color\">C\u2019est ce que vit une personne ayant le trouble d\u2019Asperger : <strong>elle peut identifier la souffrance et la joie de l\u2019autre, et m\u00eame la partager<\/strong>. Cependant, elle ne sait pas comment r\u00e9agir, quoi faire ou comment agir. Son empathie cognitive n\u2019est pas toujours pr\u00e9sente<\/mark><\/em><\/li>\n<\/ul>\n\n\n\n<p class=\"has-medium-font-size\"><strong><mark style=\"background-color:#52e0d2\" class=\"has-inline-color\">Les neurosciences et le syndrome d\u2019Asperger<\/mark><\/strong><\/p>\n\n\n\n<p>Le Centre de recherche sur le cerveau de l\u2019Universit\u00e9 nationale Yang-Ming, \u00e0 Taipei, Taiwan, a men\u00e9 une \u00e9tude int\u00e9ressante en 2014. L\u2019objectif de l\u2019\u00e9tude \u00e9tait de <strong>d\u00e9terminer gr\u00e2ce aux IRM comment le cerveau des personnes atteintes du syndrome d\u2019Asperger fonctionne.<\/strong><\/p>\n\n\n\n<ul class=\"wp-block-list\">\n<li>Ainsi, une chose que l\u2019on pourrait constater est que <strong>l\u2019empathie chez les personnes atteintes du syndrome d\u2019Asperger et les m\u00e9canismes qui en sont responsables, sont bien pr\u00e9sents<\/strong>. Les processus li\u00e9s \u00e0 l\u2019identification de la douleur d\u2019autrui sont donn\u00e9s. Ils sont r\u00e9els, mais pas de la m\u00eame mani\u00e8re que chez les personnes neurotypiques<\/li>\n\n\n\n<li>Ces diff\u00e9rences sont en partie expliqu\u00e9es dans un article publi\u00e9 dans la revue <em>Molecular Autism<\/em>. Le professeur Baron-Cohen, du Centre de recherche sur l\u2019autisme de l\u2019universit\u00e9 de Cambridge, a men\u00e9 une \u00e9tude pour d\u00e9couvrir la pr\u00e9sence d\u2019un g\u00e8ne. <strong>Le g\u00e8ne GABRB3 pourrait \u00eatre \u00e0 l\u2019origine de ces alt\u00e9rations de l\u2019empathie<\/strong><\/li>\n<\/ul>\n\n\n\n<p><strong>Ce g\u00e8ne r\u00e9gule \u00e9galement le fonctionnement d\u2019un neurotransmetteur appel\u00e9 acide gamma-aminobutyrique (GABA)<\/strong>. De cette fa\u00e7on, l\u2019alt\u00e9ration de sa fonctionnalit\u00e9 peut engendrer des comportements plus rigides. Par exemple, cela peut \u00eatre le cas d\u2019une hypersensibilit\u00e9 aux stimuli mais aussi de la difficult\u00e9 \u00e0 comprendre ou \u00e0 se mettre \u00e0 la place des autres.<\/p>\n\n\n\n<p>Cependant, il y a un autre fait encore plus int\u00e9ressant. L\u2019alt\u00e9ration de ce g\u00e8ne n\u2019est pas exclusive au groupe atteint de TSA (trouble du spectre autistique). <strong>Nous pouvons tous pr\u00e9senter une variante du GABRB3 et ainsi montrer certaines limites en termes d\u2019empathie.<\/strong><\/p>\n\n\n\n<p class=\"has-medium-font-size\"><strong><mark style=\"background-color:#52e0d2\" class=\"has-inline-color\">L\u2019hypersensibilit\u00e9 dans l\u2019autisme Asperger ou le ph\u00e9nom\u00e8ne de \u201cl\u2019exc\u00e8s d\u2019empathie\u201d<\/mark><\/strong><\/p>\n\n\n\n<p>Ce fait est tr\u00e8s int\u00e9ressant. Les chercheurs Henry et Kamila Markram, neuroscientifiques isra\u00e9liens, <strong>soulignent que l\u2019un des probl\u00e8mes des personnes autistes est l\u2019hypersensibilit\u00e9 \u00e0 l\u2019exp\u00e9rience<\/strong>. Tout est trop intense et accablant. Le monde a trop de stimuli, trop de sons, de lumi\u00e8res, d\u2019odeurs, de sensations\u2026<\/p>\n\n\n\n<p>Ainsi, et aussi frappant que cela puisse para\u00eetre, <strong>le monde \u00e9motionnel est \u00e9galement trop chaotique pour elles<\/strong>. Tout est v\u00e9cu de mani\u00e8re excessive et douloureuse. Par cons\u00e9quent, elles souffrent souvent d\u2019un exc\u00e8s d\u2019anxi\u00e9t\u00e9.<\/p>\n\n\n\n<p>Cependant, selon ces scientifiques, les personnes atteintes du syndrome d\u2019Asperger peuvent quand m\u00eame \u00e9prouver les sentiments des autres. N\u00e9anmoins, elles les ressentent trop fortement et se bloquent. Parfois, elles ne savent pas comment r\u00e9agir ou quoi faire.<\/p>\n\n\n\n<p>Ce sentiment n\u2019est pas agr\u00e9able. <strong>Elles se sentent d\u00e9pass\u00e9es et \u00e9vitent donc le contact visuel.<\/strong> Elles se d\u00e9tournent et ont tendance \u00e0 \u00e9viter certaines situations sociales parce que ces sc\u00e9narios sont trop intrusifs pour leurs sens.<\/p>\n\n\n\n<p>Finalement, <strong>l\u2019empathie chez les personnes atteintes du syndrome d\u2019Asperger est r\u00e9elle. En effet, elle existe et elle est belle et bien pr\u00e9sente<\/strong>. Cependant, cela fonctionne diff\u00e9remment. C\u2019est quelque chose que nous devons donc comprendre. Le monde interne de ces personnes n\u2019est pas facile. C\u2019est pourquoi elles ont besoin de notre sensibilit\u00e9, de notre respect et de notre alliance. Cela leur permettra donc de s\u2019int\u00e9grer dans notre vie quotidienne \u00e0 leur propre rythme, \u00e0 leur mani\u00e8re et avec leur propre vision de la vie.<\/p>\n","protected":false},"excerpt":{"rendered":"<p>L&#8217;empathie chez les personnes \u00ab\u00a0Asperger\u00a0\u00bb La stigmatisation du manque absolu d&#8217;empathie chez les personnes atteintes du syndrome d&rsquo;Asperger rend invisible la v\u00e9ritable sensibilit\u00e9 de ces personnes. Parce qu&rsquo;au-del\u00e0 de ce que l&rsquo;on peut croire, elles ressentent, voient et appr\u00e9cient les &hellip; <a href=\"https:\/\/www.cafephilolagny.fr\/?p=894\">Continuer la lecture <span class=\"meta-nav\">&rarr;<\/span><\/a><\/p>\n","protected":false},"author":1,"featured_media":0,"comment_status":"closed","ping_status":"closed","sticky":false,"template":"","format":"standard","meta":{"footnotes":""},"categories":[2],"tags":[],"class_list":["post-894","post","type-post","status-publish","format-standard","hentry","category-actualites"],"_links":{"self":[{"href":"https:\/\/www.cafephilolagny.fr\/index.php?rest_route=\/wp\/v2\/posts\/894","targetHints":{"allow":["GET"]}}],"collection":[{"href":"https:\/\/www.cafephilolagny.fr\/index.php?rest_route=\/wp\/v2\/posts"}],"about":[{"href":"https:\/\/www.cafephilolagny.fr\/index.php?rest_route=\/wp\/v2\/types\/post"}],"author":[{"embeddable":true,"href":"https:\/\/www.cafephilolagny.fr\/index.php?rest_route=\/wp\/v2\/users\/1"}],"replies":[{"embeddable":true,"href":"https:\/\/www.cafephilolagny.fr\/index.php?rest_route=%2Fwp%2Fv2%2Fcomments&post=894"}],"version-history":[{"count":4,"href":"https:\/\/www.cafephilolagny.fr\/index.php?rest_route=\/wp\/v2\/posts\/894\/revisions"}],"predecessor-version":[{"id":900,"href":"https:\/\/www.cafephilolagny.fr\/index.php?rest_route=\/wp\/v2\/posts\/894\/revisions\/900"}],"wp:attachment":[{"href":"https:\/\/www.cafephilolagny.fr\/index.php?rest_route=%2Fwp%2Fv2%2Fmedia&parent=894"}],"wp:term":[{"taxonomy":"category","embeddable":true,"href":"https:\/\/www.cafephilolagny.fr\/index.php?rest_route=%2Fwp%2Fv2%2Fcategories&post=894"},{"taxonomy":"post_tag","embeddable":true,"href":"https:\/\/www.cafephilolagny.fr\/index.php?rest_route=%2Fwp%2Fv2%2Ftags&post=894"}],"curies":[{"name":"wp","href":"https:\/\/api.w.org\/{rel}","templated":true}]}}